{"id":208,"date":"2016-07-12T00:23:06","date_gmt":"2016-07-12T00:23:06","guid":{"rendered":"http:\/\/heiko-blum.de\/?p=208"},"modified":"2016-07-12T00:23:06","modified_gmt":"2016-07-12T00:23:06","slug":"sommernacht-in-westhofen","status":"publish","type":"post","link":"https:\/\/heiko-blum.de\/?p=208","title":{"rendered":"Sommernacht in Westhofen\u00a0"},"content":{"rendered":"<p>\t\t\t\t<a href=\"https:\/\/heiko-blum.de\/wp-content\/uploads\/2016\/07\/wpid-wp-1468282805534.gif\"><img loading=\"lazy\" decoding=\"async\" src=\"https:\/\/heiko-blum.de\/wp-content\/uploads\/2016\/07\/wpid-wp-1468282805534.gif\" alt=\"\" class=\"wp-image-207 alignnone size-full\" width=\"504\" height=\"220\"><\/a><\/p>\n<p>Sonntag auf Montag Nacht bis in den fr\u00fchen Morgen noch knapp 21 \u00b0C drau\u00dfen. &nbsp;So muss Sommer sein .&nbsp;\t\t<\/p>\n<div style='text-align:center' class='yasr-auto-insert-overall'><!--Yasr Overall Rating Shortcode--><div class='yasr-custom-text-before-overall' id='yasr-custom-text-before-overall'>Our Score<\/div><div class=\"yasr-overall-rating\"><div class=' yasr-rater-stars'\r\n                           id='yasr-overall-rating-rater-6a90fcf99d615'\r\n                           data-rating='0'\r\n                           data-rater-starsize='32'>\r\n                       <\/div><\/div><!--End Yasr Overall Rating Shortcode--><\/div><div style='text-align:center' class='yasr-auto-insert-visitor'><!--Yasr Visitor Votes Shortcode--><div id='yasr_visitor_votes_96fb01699f0fc' class='yasr-visitor-votes'><div class=\"yasr-custom-text-vv-before yasr-custom-text-vv-before-208\">Click to rate this post!<\/div><div id='yasr-vv-second-row-container-96fb01699f0fc'\r\n                                        class='yasr-vv-second-row-container'><div id='yasr-visitor-votes-rater-96fb01699f0fc'\r\n                                      class='yasr-rater-stars-vv'\r\n                                      data-rater-postid='208'\r\n                                      data-rating='0'\r\n                                      data-rater-starsize='32'\r\n                                      data-rater-readonly='false'\r\n                                      data-rater-nonce='f10280aa9a'\r\n                                      data-issingular='false'\r\n                                    ><\/div><div class=\"yasr-vv-stats-text-container\" id=\"yasr-vv-stats-text-container-96fb01699f0fc\"><svg xmlns=\"https:\/\/www.w3.org\/2000\/svg\" width=\"20\" height=\"20\"\r\n                                   class=\"yasr-dashicons-visitor-stats\"\r\n                                   data-postid=\"208\"\r\n                                   id=\"yasr-stats-dashicon-96fb01699f0fc\">\r\n                                   <path d=\"M18 18v-16h-4v16h4zM12 18v-11h-4v11h4zM6 18v-8h-4v8h4z\"><\/path>\r\n                               <\/svg><span id=\"yasr-vv-text-container-96fb01699f0fc\" class=\"yasr-vv-text-container\">[Total: <span id=\"yasr-vv-votes-number-container-96fb01699f0fc\">0<\/span>  Average: <span id=\"yasr-vv-average-container-96fb01699f0fc\">0<\/span>]<\/span><\/div><div id='yasr-vv-loader-96fb01699f0fc' class='yasr-vv-container-loader'><\/div><\/div><div id='yasr-vv-bottom-container-96fb01699f0fc' class='yasr-vv-bottom-container'><\/div><\/div><!--End Yasr Visitor Votes Shortcode--><\/div>","protected":false},"excerpt":{"rendered":"<p>Sonntag auf Montag Nacht bis in den fr\u00fchen Morgen noch knapp 21 \u00b0C drau\u00dfen. &nbsp;So muss Sommer sein .&nbsp; Our Score Click to rate this post! [Total: 0 Average: 0]<\/p>\n","protected":false},"author":1,"featured_media":0,"comment_status":"closed","ping_status":"closed","sticky":false,"template":"","format":"standard","meta":{"yasr_overall_rating":0,"yasr_post_is_review":"","yasr_auto_insert_disabled":"","yasr_review_type":"","_glsr_average":0,"_glsr_ranking":0,"_glsr_reviews":0,"_jetpack_memberships_contains_paid_content":false,"footnotes":""},"categories":[12],"tags":[65,66,77,81],"class_list":["post-208","post","type-post","status-publish","format-standard","hentry","category-wetter","tag-sommer","tag-sommernacht","tag-westhofen","tag-wetter"],"yasr_visitor_votes":{"stars_attributes":{"read_only":false,"span_bottom":false},"number_of_votes":0,"sum_votes":0},"jetpack_featured_media_url":"","jetpack-related-posts":[{"id":215,"url":"https:\/\/heiko-blum.de\/?p=215","url_meta":{"origin":208,"position":0},"title":"Wetter K\u00f6ln Porz Westhofen\u00a0","author":"Heiko","date":"23\/08\/2016","format":false,"excerpt":"","rel":"","context":"In &quot;Wetter&quot;","block_context":{"text":"Wetter","link":"https:\/\/heiko-blum.de\/?cat=12"},"img":{"alt_text":"","src":"https:\/\/i0.wp.com\/heiko-blum.de\/wp-content\/uploads\/2016\/08\/wpid-wp-1471993192106.gif?resize=350%2C200&ssl=1","width":350,"height":200},"classes":[]},{"id":218,"url":"https:\/\/heiko-blum.de\/?p=218","url_meta":{"origin":208,"position":1},"title":"Wetter K\u00f6ln Porz Westhofen\u00a0","author":"Heiko","date":"23\/08\/2016","format":false,"excerpt":"","rel":"","context":"In &quot;Wetter&quot;","block_context":{"text":"Wetter","link":"https:\/\/heiko-blum.de\/?cat=12"},"img":{"alt_text":"","src":"https:\/\/i0.wp.com\/heiko-blum.de\/wp-content\/uploads\/2016\/08\/wpid-wp-1471993229317.gif?resize=350%2C200&ssl=1","width":350,"height":200,"srcset":"https:\/\/i0.wp.com\/heiko-blum.de\/wp-content\/uploads\/2016\/08\/wpid-wp-1471993229317.gif?resize=350%2C200&ssl=1 1x, https:\/\/i0.wp.com\/heiko-blum.de\/wp-content\/uploads\/2016\/08\/wpid-wp-1471993229317.gif?resize=525%2C300&ssl=1 1.5x, https:\/\/i0.wp.com\/heiko-blum.de\/wp-content\/uploads\/2016\/08\/wpid-wp-1471993229317.gif?resize=700%2C400&ssl=1 2x"},"classes":[]},{"id":211,"url":"https:\/\/heiko-blum.de\/?p=211","url_meta":{"origin":208,"position":2},"title":"Im Garten Chillen..","author":"Heiko","date":"12\/07\/2016","format":false,"excerpt":"","rel":"","context":"In &quot;Wetter&quot;","block_context":{"text":"Wetter","link":"https:\/\/heiko-blum.de\/?cat=12"},"img":{"alt_text":"","src":"https:\/\/i0.wp.com\/heiko-blum.de\/wp-content\/uploads\/2016\/07\/wpid-wp-image-1758987804jpg.jpg?resize=350%2C200&ssl=1","width":350,"height":200,"srcset":"https:\/\/i0.wp.com\/heiko-blum.de\/wp-content\/uploads\/2016\/07\/wpid-wp-image-1758987804jpg.jpg?resize=350%2C200&ssl=1 1x, https:\/\/i0.wp.com\/heiko-blum.de\/wp-content\/uploads\/2016\/07\/wpid-wp-image-1758987804jpg.jpg?resize=525%2C300&ssl=1 1.5x, https:\/\/i0.wp.com\/heiko-blum.de\/wp-content\/uploads\/2016\/07\/wpid-wp-image-1758987804jpg.jpg?resize=700%2C400&ssl=1 2x, https:\/\/i0.wp.com\/heiko-blum.de\/wp-content\/uploads\/2016\/07\/wpid-wp-image-1758987804jpg.jpg?resize=1050%2C600&ssl=1 3x, https:\/\/i0.wp.com\/heiko-blum.de\/wp-content\/uploads\/2016\/07\/wpid-wp-image-1758987804jpg.jpg?resize=1400%2C800&ssl=1 4x"},"classes":[]},{"id":225,"url":"https:\/\/heiko-blum.de\/?p=225","url_meta":{"origin":208,"position":3},"title":"Wetter","author":"Heiko","date":"02\/10\/2016","format":false,"excerpt":"","rel":"","context":"In &quot;Wetter&quot;","block_context":{"text":"Wetter","link":"https:\/\/heiko-blum.de\/?cat=12"},"img":{"alt_text":"","src":"https:\/\/i0.wp.com\/heiko-blum.de\/wp-content\/uploads\/2016\/10\/wpid-wp-1475378262953.gif?resize=350%2C200&ssl=1","width":350,"height":200},"classes":[]},{"id":525,"url":"https:\/\/heiko-blum.de\/?p=525","url_meta":{"origin":208,"position":4},"title":"Sommer kommt","author":"Heiko","date":"17\/04\/2018","format":false,"excerpt":"","rel":"","context":"In &quot;Garten \/ Natur&quot;","block_context":{"text":"Garten \/ Natur","link":"https:\/\/heiko-blum.de\/?cat=6"},"img":{"alt_text":"","src":"https:\/\/i0.wp.com\/heiko-blum.de\/wp-content\/uploads\/2018\/04\/weektempdew-12369710552851997614.png?resize=350%2C200&ssl=1","width":350,"height":200},"classes":[]},{"id":766,"url":"https:\/\/heiko-blum.de\/?p=766","url_meta":{"origin":208,"position":5},"title":"Solar Wetterstation","author":"Heiko","date":"21\/04\/2020","format":false,"excerpt":"Neue Batterie, 2ther Tag, bisher l\u00e4uft alles noch. Steht jetzt nicht optimal drau\u00dfen bekommt hoffe ich aber genug Sonnenstrahlen ab. Werde ich In den n\u00e4chsten Tagen sehen ob batterie Kapazit\u00e4t Stand h\u00e4lt also gen\u00fcgend nachgeladen wird. Update nach 8 Tagen und nicht direkt in der Sonne, l\u00e4uft alles noch .\u2026","rel":"","context":"In &quot;Arduino&quot;","block_context":{"text":"Arduino","link":"https:\/\/heiko-blum.de\/?cat=2"},"img":{"alt_text":"","src":"https:\/\/i0.wp.com\/heiko-blum.de\/wp-content\/uploads\/2020\/04\/wp-1587429425752859706239108117497.jpg?resize=350%2C200&ssl=1","width":350,"height":200,"srcset":"https:\/\/i0.wp.com\/heiko-blum.de\/wp-content\/uploads\/2020\/04\/wp-1587429425752859706239108117497.jpg?resize=350%2C200&ssl=1 1x, https:\/\/i0.wp.com\/heiko-blum.de\/wp-content\/uploads\/2020\/04\/wp-1587429425752859706239108117497.jpg?resize=525%2C300&ssl=1 1.5x, https:\/\/i0.wp.com\/heiko-blum.de\/wp-content\/uploads\/2020\/04\/wp-1587429425752859706239108117497.jpg?resize=700%2C400&ssl=1 2x, https:\/\/i0.wp.com\/heiko-blum.de\/wp-content\/uploads\/2020\/04\/wp-1587429425752859706239108117497.jpg?resize=1050%2C600&ssl=1 3x"},"classes":[]}],"jetpack_sharing_enabled":true,"_links":{"self":[{"href":"https:\/\/heiko-blum.de\/index.php?rest_route=\/wp\/v2\/posts\/208","targetHints":{"allow":["GET"]}}],"collection":[{"href":"https:\/\/heiko-blum.de\/index.php?rest_route=\/wp\/v2\/posts"}],"about":[{"href":"https:\/\/heiko-blum.de\/index.php?rest_route=\/wp\/v2\/types\/post"}],"author":[{"embeddable":true,"href":"https:\/\/heiko-blum.de\/index.php?rest_route=\/wp\/v2\/users\/1"}],"replies":[{"embeddable":true,"href":"https:\/\/heiko-blum.de\/index.php?rest_route=%2Fwp%2Fv2%2Fcomments&post=208"}],"version-history":[{"count":0,"href":"https:\/\/heiko-blum.de\/index.php?rest_route=\/wp\/v2\/posts\/208\/revisions"}],"wp:attachment":[{"href":"https:\/\/heiko-blum.de\/index.php?rest_route=%2Fwp%2Fv2%2Fmedia&parent=208"}],"wp:term":[{"taxonomy":"category","embeddable":true,"href":"https:\/\/heiko-blum.de\/index.php?rest_route=%2Fwp%2Fv2%2Fcategories&post=208"},{"taxonomy":"post_tag","embeddable":true,"href":"https:\/\/heiko-blum.de\/index.php?rest_route=%2Fwp%2Fv2%2Ftags&post=208"}],"curies":[{"name":"wp","href":"https:\/\/api.w.org\/{rel}","templated":true}]}}