{"id":284,"date":"2016-12-19T21:15:00","date_gmt":"2016-12-19T21:15:00","guid":{"rendered":"http:\/\/heiko-blum.de\/?p=284"},"modified":"2016-12-19T21:15:00","modified_gmt":"2016-12-19T21:15:00","slug":"terror-in-berlin","status":"publish","type":"post","link":"https:\/\/heiko-blum.de\/?p=284","title":{"rendered":"Terror in Berlin"},"content":{"rendered":"<p>\t\t\t\tIm Gedanken der Angeh\u00f6rigen der Terror Opfer in Berlin.\t\t<\/p>\n<div style='text-align:center' class='yasr-auto-insert-overall'><!--Yasr Overall Rating Shortcode--><div class='yasr-custom-text-before-overall' id='yasr-custom-text-before-overall'>Our Score<\/div><div class=\"yasr-overall-rating\"><div class=' yasr-rater-stars'\r\n                           id='yasr-overall-rating-rater-8f119651fce96'\r\n                           data-rating='0'\r\n                           data-rater-starsize='32'>\r\n                       <\/div><\/div><!--End Yasr Overall Rating Shortcode--><\/div><div style='text-align:center' class='yasr-auto-insert-visitor'><!--Yasr Visitor Votes Shortcode--><div id='yasr_visitor_votes_999e813ff651c' class='yasr-visitor-votes'><div class=\"yasr-custom-text-vv-before yasr-custom-text-vv-before-284\">Click to rate this post!<\/div><div id='yasr-vv-second-row-container-999e813ff651c'\r\n                                        class='yasr-vv-second-row-container'><div id='yasr-visitor-votes-rater-999e813ff651c'\r\n                                      class='yasr-rater-stars-vv'\r\n                                      data-rater-postid='284'\r\n                                      data-rating='0'\r\n                                      data-rater-starsize='32'\r\n                                      data-rater-readonly='false'\r\n                                      data-rater-nonce='f10280aa9a'\r\n                                      data-issingular='false'\r\n                                    ><\/div><div class=\"yasr-vv-stats-text-container\" id=\"yasr-vv-stats-text-container-999e813ff651c\"><svg xmlns=\"https:\/\/www.w3.org\/2000\/svg\" width=\"20\" height=\"20\"\r\n                                   class=\"yasr-dashicons-visitor-stats\"\r\n                                   data-postid=\"284\"\r\n                                   id=\"yasr-stats-dashicon-999e813ff651c\">\r\n                                   <path d=\"M18 18v-16h-4v16h4zM12 18v-11h-4v11h4zM6 18v-8h-4v8h4z\"><\/path>\r\n                               <\/svg><span id=\"yasr-vv-text-container-999e813ff651c\" class=\"yasr-vv-text-container\">[Total: <span id=\"yasr-vv-votes-number-container-999e813ff651c\">0<\/span>  Average: <span id=\"yasr-vv-average-container-999e813ff651c\">0<\/span>]<\/span><\/div><div id='yasr-vv-loader-999e813ff651c' class='yasr-vv-container-loader'><\/div><\/div><div id='yasr-vv-bottom-container-999e813ff651c' class='yasr-vv-bottom-container'><\/div><\/div><!--End Yasr Visitor Votes Shortcode--><\/div>","protected":false},"excerpt":{"rendered":"<p>Im Gedanken der Angeh\u00f6rigen der Terror Opfer in Berlin. Our Score Click to rate this post! [Total: 0 Average: 0]<\/p>\n","protected":false},"author":1,"featured_media":0,"comment_status":"open","ping_status":"closed","sticky":false,"template":"","format":"standard","meta":{"yasr_overall_rating":0,"yasr_post_is_review":"","yasr_auto_insert_disabled":"","yasr_review_type":"","_glsr_average":0,"_glsr_ranking":0,"_glsr_reviews":0,"_jetpack_memberships_contains_paid_content":false,"footnotes":""},"categories":[8,1],"tags":[20,70],"class_list":["post-284","post","type-post","status-publish","format-standard","hentry","category-meine-person-privat","category-uncategorized","tag-berlin","tag-terror"],"yasr_visitor_votes":{"stars_attributes":{"read_only":false,"span_bottom":false},"number_of_votes":0,"sum_votes":0},"jetpack_featured_media_url":"","jetpack-related-posts":[{"id":221,"url":"https:\/\/heiko-blum.de\/?p=221","url_meta":{"origin":284,"position":0},"title":"Panzer fahren im Garten\u00a0","author":"Heiko","date":"25\/09\/2016","format":false,"excerpt":"","rel":"","context":"In &quot;Meine Person Privat&quot;","block_context":{"text":"Meine Person Privat","link":"https:\/\/heiko-blum.de\/?cat=8"},"img":{"alt_text":"","src":"https:\/\/i0.wp.com\/heiko-blum.de\/wp-content\/uploads\/2016\/09\/wpid-wp-image-1887500144jpg.jpg?resize=350%2C200&ssl=1","width":350,"height":200,"srcset":"https:\/\/i0.wp.com\/heiko-blum.de\/wp-content\/uploads\/2016\/09\/wpid-wp-image-1887500144jpg.jpg?resize=350%2C200&ssl=1 1x, https:\/\/i0.wp.com\/heiko-blum.de\/wp-content\/uploads\/2016\/09\/wpid-wp-image-1887500144jpg.jpg?resize=525%2C300&ssl=1 1.5x, https:\/\/i0.wp.com\/heiko-blum.de\/wp-content\/uploads\/2016\/09\/wpid-wp-image-1887500144jpg.jpg?resize=700%2C400&ssl=1 2x, https:\/\/i0.wp.com\/heiko-blum.de\/wp-content\/uploads\/2016\/09\/wpid-wp-image-1887500144jpg.jpg?resize=1050%2C600&ssl=1 3x, https:\/\/i0.wp.com\/heiko-blum.de\/wp-content\/uploads\/2016\/09\/wpid-wp-image-1887500144jpg.jpg?resize=1400%2C800&ssl=1 4x"},"classes":[]},{"id":591,"url":"https:\/\/heiko-blum.de\/?p=591","url_meta":{"origin":284,"position":1},"title":"Panzer fahren im Garten\u00a0","author":"Heiko","date":"25\/09\/2016","format":false,"excerpt":"","rel":"","context":"In &quot;Meine Person Privat&quot;","block_context":{"text":"Meine Person Privat","link":"https:\/\/heiko-blum.de\/?cat=8"},"img":{"alt_text":"","src":"https:\/\/i0.wp.com\/heiko-blum.de\/wp-content\/uploads\/2016\/09\/wpid-wp-image-1887500144jpg.jpg?resize=350%2C200&ssl=1","width":350,"height":200,"srcset":"https:\/\/i0.wp.com\/heiko-blum.de\/wp-content\/uploads\/2016\/09\/wpid-wp-image-1887500144jpg.jpg?resize=350%2C200&ssl=1 1x, https:\/\/i0.wp.com\/heiko-blum.de\/wp-content\/uploads\/2016\/09\/wpid-wp-image-1887500144jpg.jpg?resize=525%2C300&ssl=1 1.5x, https:\/\/i0.wp.com\/heiko-blum.de\/wp-content\/uploads\/2016\/09\/wpid-wp-image-1887500144jpg.jpg?resize=700%2C400&ssl=1 2x, https:\/\/i0.wp.com\/heiko-blum.de\/wp-content\/uploads\/2016\/09\/wpid-wp-image-1887500144jpg.jpg?resize=1050%2C600&ssl=1 3x, https:\/\/i0.wp.com\/heiko-blum.de\/wp-content\/uploads\/2016\/09\/wpid-wp-image-1887500144jpg.jpg?resize=1400%2C800&ssl=1 4x"},"classes":[]},{"id":204,"url":"https:\/\/heiko-blum.de\/?p=204","url_meta":{"origin":284,"position":2},"title":"Mit der Sonne im Garten","author":"Heiko","date":"03\/04\/2016","format":false,"excerpt":"","rel":"","context":"In &quot;Meine Person Privat&quot;","block_context":{"text":"Meine Person Privat","link":"https:\/\/heiko-blum.de\/?cat=8"},"img":{"alt_text":"","src":"","width":0,"height":0},"classes":[]},{"id":775,"url":"https:\/\/heiko-blum.de\/?p=775","url_meta":{"origin":284,"position":3},"title":"Projekt UV Desinfektion","author":"Heiko","date":"26\/04\/2020","format":false,"excerpt":"Da UV ( UV-C) Desinfektiv auf Bakterien wirkt und Ich noch meine Alte UV R\u00f6hre \"die ich zum L\u00f6schen meiner Epromm's brauchte\" habe dachte ich mir , baue ich mir selber so eine UV Desinfektion Box wie im Internet zu kaufen sind und auch im Krankenh\u00e4user verwendet werden. Nehme erst\u2026","rel":"","context":"In &quot;Arduino&quot;","block_context":{"text":"Arduino","link":"https:\/\/heiko-blum.de\/?cat=2"},"img":{"alt_text":"","src":"https:\/\/i0.wp.com\/heiko-blum.de\/wp-content\/uploads\/2020\/04\/wp-15878654901243758527837778501874-scaled.jpg?resize=350%2C200&ssl=1","width":350,"height":200,"srcset":"https:\/\/i0.wp.com\/heiko-blum.de\/wp-content\/uploads\/2020\/04\/wp-15878654901243758527837778501874-scaled.jpg?resize=350%2C200&ssl=1 1x, https:\/\/i0.wp.com\/heiko-blum.de\/wp-content\/uploads\/2020\/04\/wp-15878654901243758527837778501874-scaled.jpg?resize=525%2C300&ssl=1 1.5x, https:\/\/i0.wp.com\/heiko-blum.de\/wp-content\/uploads\/2020\/04\/wp-15878654901243758527837778501874-scaled.jpg?resize=700%2C400&ssl=1 2x, https:\/\/i0.wp.com\/heiko-blum.de\/wp-content\/uploads\/2020\/04\/wp-15878654901243758527837778501874-scaled.jpg?resize=1050%2C600&ssl=1 3x, https:\/\/i0.wp.com\/heiko-blum.de\/wp-content\/uploads\/2020\/04\/wp-15878654901243758527837778501874-scaled.jpg?resize=1400%2C800&ssl=1 4x"},"classes":[]},{"id":762,"url":"https:\/\/heiko-blum.de\/?p=762","url_meta":{"origin":284,"position":4},"title":"Corona Infekt z\u00e4hler","author":"Heiko","date":"09\/04\/2020","format":false,"excerpt":"Corona z\u00e4hler zusammen gebaut .Farb Touchscreen mit passenden Geh\u00e4use gekauft, esp32 Chip passend verl\u00f6tet . Script drauf das daren aus der Internetseite worldometer holt und diese f\u00fcr von mir vorgegebenen L\u00e4nder in Wechsel anzeigt. L\u00e4uft ....","rel":"","context":"In &quot;Arduino&quot;","block_context":{"text":"Arduino","link":"https:\/\/heiko-blum.de\/?cat=2"},"img":{"alt_text":"","src":"https:\/\/i0.wp.com\/heiko-blum.de\/wp-content\/uploads\/2020\/04\/20200409_0246409073460485733186790-150x150.jpg?resize=350%2C200&ssl=1","width":350,"height":200,"srcset":"https:\/\/i0.wp.com\/heiko-blum.de\/wp-content\/uploads\/2020\/04\/20200409_0246409073460485733186790-150x150.jpg?resize=350%2C200&ssl=1 1x, https:\/\/i0.wp.com\/heiko-blum.de\/wp-content\/uploads\/2020\/04\/20200409_0246409073460485733186790-150x150.jpg?resize=525%2C300&ssl=1 1.5x, https:\/\/i0.wp.com\/heiko-blum.de\/wp-content\/uploads\/2020\/04\/20200409_0246409073460485733186790-150x150.jpg?resize=700%2C400&ssl=1 2x, https:\/\/i0.wp.com\/heiko-blum.de\/wp-content\/uploads\/2020\/04\/20200409_0246409073460485733186790-150x150.jpg?resize=1050%2C600&ssl=1 3x, https:\/\/i0.wp.com\/heiko-blum.de\/wp-content\/uploads\/2020\/04\/20200409_0246409073460485733186790-150x150.jpg?resize=1400%2C800&ssl=1 4x"},"classes":[]},{"id":791,"url":"https:\/\/heiko-blum.de\/?p=791","url_meta":{"origin":284,"position":5},"title":"RC Panzer Tiger Reparatur","author":"Heiko","date":"03\/05\/2020","format":false,"excerpt":"Reparatur meines 1:16 RC Panzer German Tiger. Schusseinheit funktioniert nicht mehr so richtig , muss ihn daf\u00fcr komplett zerlegen. Oberteil schnell runter sind 6 Schrauben von unten , von Oberteil oben m\u00fcssen vorher die Schl\u00e4uche hinten entfernt werden Die Halterung der Schl\u00e4uche sind je mit 2 kleine Schrauben befestigt dann\u2026","rel":"","context":"In &quot;Elektronik&quot;","block_context":{"text":"Elektronik","link":"https:\/\/heiko-blum.de\/?cat=5"},"img":{"alt_text":"","src":"https:\/\/i0.wp.com\/heiko-blum.de\/wp-content\/uploads\/2020\/05\/20200502_0102312258991275511989864-scaled.jpg?resize=350%2C200&ssl=1","width":350,"height":200,"srcset":"https:\/\/i0.wp.com\/heiko-blum.de\/wp-content\/uploads\/2020\/05\/20200502_0102312258991275511989864-scaled.jpg?resize=350%2C200&ssl=1 1x, https:\/\/i0.wp.com\/heiko-blum.de\/wp-content\/uploads\/2020\/05\/20200502_0102312258991275511989864-scaled.jpg?resize=525%2C300&ssl=1 1.5x, https:\/\/i0.wp.com\/heiko-blum.de\/wp-content\/uploads\/2020\/05\/20200502_0102312258991275511989864-scaled.jpg?resize=700%2C400&ssl=1 2x, https:\/\/i0.wp.com\/heiko-blum.de\/wp-content\/uploads\/2020\/05\/20200502_0102312258991275511989864-scaled.jpg?resize=1050%2C600&ssl=1 3x, https:\/\/i0.wp.com\/heiko-blum.de\/wp-content\/uploads\/2020\/05\/20200502_0102312258991275511989864-scaled.jpg?resize=1400%2C800&ssl=1 4x"},"classes":[]}],"jetpack_sharing_enabled":true,"_links":{"self":[{"href":"https:\/\/heiko-blum.de\/index.php?rest_route=\/wp\/v2\/posts\/284","targetHints":{"allow":["GET"]}}],"collection":[{"href":"https:\/\/heiko-blum.de\/index.php?rest_route=\/wp\/v2\/posts"}],"about":[{"href":"https:\/\/heiko-blum.de\/index.php?rest_route=\/wp\/v2\/types\/post"}],"author":[{"embeddable":true,"href":"https:\/\/heiko-blum.de\/index.php?rest_route=\/wp\/v2\/users\/1"}],"replies":[{"embeddable":true,"href":"https:\/\/heiko-blum.de\/index.php?rest_route=%2Fwp%2Fv2%2Fcomments&post=284"}],"version-history":[{"count":0,"href":"https:\/\/heiko-blum.de\/index.php?rest_route=\/wp\/v2\/posts\/284\/revisions"}],"wp:attachment":[{"href":"https:\/\/heiko-blum.de\/index.php?rest_route=%2Fwp%2Fv2%2Fmedia&parent=284"}],"wp:term":[{"taxonomy":"category","embeddable":true,"href":"https:\/\/heiko-blum.de\/index.php?rest_route=%2Fwp%2Fv2%2Fcategories&post=284"},{"taxonomy":"post_tag","embeddable":true,"href":"https:\/\/heiko-blum.de\/index.php?rest_route=%2Fwp%2Fv2%2Ftags&post=284"}],"curies":[{"name":"wp","href":"https:\/\/api.w.org\/{rel}","templated":true}]}}