{"id":380,"date":"2017-12-17T03:39:54","date_gmt":"2017-12-17T02:39:54","guid":{"rendered":"http:\/\/heiko-blum.de\/?p=380"},"modified":"2017-12-17T03:39:54","modified_gmt":"2017-12-17T02:39:54","slug":"wetterstation-im-winter","status":"publish","type":"post","link":"https:\/\/heiko-blum.de\/?p=380","title":{"rendered":"Wetterstation im Winter"},"content":{"rendered":"<p>\t\t\t\tVoll zu geschneit .<\/p>\n<p><a href=\"https:\/\/heiko-blum.de\/wp-content\/uploads\/2017\/12\/20171210_1503532023520529.jpg\"><img loading=\"lazy\" decoding=\"async\" src=\"https:\/\/heiko-blum.de\/wp-content\/uploads\/2017\/12\/20171210_1503532023520529.jpg\" alt=\"\" class=\"wp-image-379 alignnone size-full\" width=\"3024\" height=\"4032\"><\/a>\t\t<\/p>\n<div style='text-align:center' class='yasr-auto-insert-overall'><!--Yasr Overall Rating Shortcode--><div class='yasr-custom-text-before-overall' id='yasr-custom-text-before-overall'>Our Score<\/div><div class=\"yasr-overall-rating\"><div class=' yasr-rater-stars'\r\n                           id='yasr-overall-rating-rater-ece965b0f1992'\r\n                           data-rating='0'\r\n                           data-rater-starsize='32'>\r\n                       <\/div><\/div><!--End Yasr Overall Rating Shortcode--><\/div><div style='text-align:center' class='yasr-auto-insert-visitor'><!--Yasr Visitor Votes Shortcode--><div id='yasr_visitor_votes_9abc09054f716' class='yasr-visitor-votes'><div class=\"yasr-custom-text-vv-before yasr-custom-text-vv-before-380\">Click to rate this post!<\/div><div id='yasr-vv-second-row-container-9abc09054f716'\r\n                                        class='yasr-vv-second-row-container'><div id='yasr-visitor-votes-rater-9abc09054f716'\r\n                                      class='yasr-rater-stars-vv'\r\n                                      data-rater-postid='380'\r\n                                      data-rating='0'\r\n                                      data-rater-starsize='32'\r\n                                      data-rater-readonly='false'\r\n                                      data-rater-nonce='f10280aa9a'\r\n                                      data-issingular='false'\r\n                                    ><\/div><div class=\"yasr-vv-stats-text-container\" id=\"yasr-vv-stats-text-container-9abc09054f716\"><svg xmlns=\"https:\/\/www.w3.org\/2000\/svg\" width=\"20\" height=\"20\"\r\n                                   class=\"yasr-dashicons-visitor-stats\"\r\n                                   data-postid=\"380\"\r\n                                   id=\"yasr-stats-dashicon-9abc09054f716\">\r\n                                   <path d=\"M18 18v-16h-4v16h4zM12 18v-11h-4v11h4zM6 18v-8h-4v8h4z\"><\/path>\r\n                               <\/svg><span id=\"yasr-vv-text-container-9abc09054f716\" class=\"yasr-vv-text-container\">[Total: <span id=\"yasr-vv-votes-number-container-9abc09054f716\">0<\/span>  Average: <span id=\"yasr-vv-average-container-9abc09054f716\">0<\/span>]<\/span><\/div><div id='yasr-vv-loader-9abc09054f716' class='yasr-vv-container-loader'><\/div><\/div><div id='yasr-vv-bottom-container-9abc09054f716' class='yasr-vv-bottom-container'><\/div><\/div><!--End Yasr Visitor Votes Shortcode--><\/div>","protected":false},"excerpt":{"rendered":"<p>Voll zu geschneit . Our Score Click to rate this post! [Total: 0 Average: 0]<\/p>\n","protected":false},"author":1,"featured_media":0,"comment_status":"closed","ping_status":"closed","sticky":false,"template":"","format":"standard","meta":{"yasr_overall_rating":0,"yasr_post_is_review":"","yasr_auto_insert_disabled":"","yasr_review_type":"","_glsr_average":0,"_glsr_ranking":0,"_glsr_reviews":0,"_jetpack_memberships_contains_paid_content":false,"footnotes":""},"categories":[6,12],"tags":[80,84,86],"class_list":["post-380","post","type-post","status-publish","format-standard","hentry","category-garten-natur","category-wetter","tag-westhovener","tag-wetterstation","tag-winter"],"yasr_visitor_votes":{"stars_attributes":{"read_only":false,"span_bottom":false},"number_of_votes":0,"sum_votes":0},"jetpack_featured_media_url":"","jetpack-related-posts":[{"id":529,"url":"https:\/\/heiko-blum.de\/?p=529","url_meta":{"origin":380,"position":0},"title":"Wetter Station","author":"Heiko","date":"22\/04\/2018","format":false,"excerpt":"","rel":"","context":"In &quot;Garten \/ Natur&quot;","block_context":{"text":"Garten \/ Natur","link":"https:\/\/heiko-blum.de\/?cat=6"},"img":{"alt_text":"","src":"https:\/\/i0.wp.com\/heiko-blum.de\/wp-content\/uploads\/2018\/04\/20180422_1706253301092183519211305.jpg?resize=350%2C200&ssl=1","width":350,"height":200,"srcset":"https:\/\/i0.wp.com\/heiko-blum.de\/wp-content\/uploads\/2018\/04\/20180422_1706253301092183519211305.jpg?resize=350%2C200&ssl=1 1x, https:\/\/i0.wp.com\/heiko-blum.de\/wp-content\/uploads\/2018\/04\/20180422_1706253301092183519211305.jpg?resize=525%2C300&ssl=1 1.5x, https:\/\/i0.wp.com\/heiko-blum.de\/wp-content\/uploads\/2018\/04\/20180422_1706253301092183519211305.jpg?resize=700%2C400&ssl=1 2x, https:\/\/i0.wp.com\/heiko-blum.de\/wp-content\/uploads\/2018\/04\/20180422_1706253301092183519211305.jpg?resize=1050%2C600&ssl=1 3x, https:\/\/i0.wp.com\/heiko-blum.de\/wp-content\/uploads\/2018\/04\/20180422_1706253301092183519211305.jpg?resize=1400%2C800&ssl=1 4x"},"classes":[]},{"id":766,"url":"https:\/\/heiko-blum.de\/?p=766","url_meta":{"origin":380,"position":1},"title":"Solar Wetterstation","author":"Heiko","date":"21\/04\/2020","format":false,"excerpt":"Neue Batterie, 2ther Tag, bisher l\u00e4uft alles noch. Steht jetzt nicht optimal drau\u00dfen bekommt hoffe ich aber genug Sonnenstrahlen ab. Werde ich In den n\u00e4chsten Tagen sehen ob batterie Kapazit\u00e4t Stand h\u00e4lt also gen\u00fcgend nachgeladen wird. Update nach 8 Tagen und nicht direkt in der Sonne, l\u00e4uft alles noch .\u2026","rel":"","context":"In &quot;Arduino&quot;","block_context":{"text":"Arduino","link":"https:\/\/heiko-blum.de\/?cat=2"},"img":{"alt_text":"","src":"https:\/\/i0.wp.com\/heiko-blum.de\/wp-content\/uploads\/2020\/04\/wp-1587429425752859706239108117497.jpg?resize=350%2C200&ssl=1","width":350,"height":200,"srcset":"https:\/\/i0.wp.com\/heiko-blum.de\/wp-content\/uploads\/2020\/04\/wp-1587429425752859706239108117497.jpg?resize=350%2C200&ssl=1 1x, https:\/\/i0.wp.com\/heiko-blum.de\/wp-content\/uploads\/2020\/04\/wp-1587429425752859706239108117497.jpg?resize=525%2C300&ssl=1 1.5x, https:\/\/i0.wp.com\/heiko-blum.de\/wp-content\/uploads\/2020\/04\/wp-1587429425752859706239108117497.jpg?resize=700%2C400&ssl=1 2x, https:\/\/i0.wp.com\/heiko-blum.de\/wp-content\/uploads\/2020\/04\/wp-1587429425752859706239108117497.jpg?resize=1050%2C600&ssl=1 3x"},"classes":[]},{"id":525,"url":"https:\/\/heiko-blum.de\/?p=525","url_meta":{"origin":380,"position":2},"title":"Sommer kommt","author":"Heiko","date":"17\/04\/2018","format":false,"excerpt":"","rel":"","context":"In &quot;Garten \/ Natur&quot;","block_context":{"text":"Garten \/ Natur","link":"https:\/\/heiko-blum.de\/?cat=6"},"img":{"alt_text":"","src":"https:\/\/i0.wp.com\/heiko-blum.de\/wp-content\/uploads\/2018\/04\/weektempdew-12369710552851997614.png?resize=350%2C200&ssl=1","width":350,"height":200},"classes":[]},{"id":522,"url":"https:\/\/heiko-blum.de\/?p=522","url_meta":{"origin":380,"position":3},"title":"Wetter K\u00f6ln Porz Westhoven","author":"Heiko","date":"03\/02\/2018","format":false,"excerpt":"","rel":"","context":"In &quot;Garten \/ Natur&quot;","block_context":{"text":"Garten \/ Natur","link":"https:\/\/heiko-blum.de\/?cat=6"},"img":{"alt_text":"","src":"https:\/\/i0.wp.com\/heiko-blum.de\/wp-content\/uploads\/2018\/02\/mini_currentf.gif?resize=350%2C200&ssl=1","width":350,"height":200},"classes":[]},{"id":557,"url":"https:\/\/heiko-blum.de\/?p=557","url_meta":{"origin":380,"position":4},"title":"Schnee Winter 2018\/19","author":"Heiko","date":"01\/02\/2019","format":false,"excerpt":"","rel":"","context":"In &quot;Garten \/ Natur&quot;","block_context":{"text":"Garten \/ Natur","link":"https:\/\/heiko-blum.de\/?cat=6"},"img":{"alt_text":"","src":"https:\/\/i0.wp.com\/heiko-blum.de\/wp-content\/uploads\/2019\/03\/20190201_0329495733122173969812577-1-1.jpg?resize=350%2C200&ssl=1","width":350,"height":200,"srcset":"https:\/\/i0.wp.com\/heiko-blum.de\/wp-content\/uploads\/2019\/03\/20190201_0329495733122173969812577-1-1.jpg?resize=350%2C200&ssl=1 1x, https:\/\/i0.wp.com\/heiko-blum.de\/wp-content\/uploads\/2019\/03\/20190201_0329495733122173969812577-1-1.jpg?resize=525%2C300&ssl=1 1.5x, https:\/\/i0.wp.com\/heiko-blum.de\/wp-content\/uploads\/2019\/03\/20190201_0329495733122173969812577-1-1.jpg?resize=700%2C400&ssl=1 2x, https:\/\/i0.wp.com\/heiko-blum.de\/wp-content\/uploads\/2019\/03\/20190201_0329495733122173969812577-1-1.jpg?resize=1050%2C600&ssl=1 3x, https:\/\/i0.wp.com\/heiko-blum.de\/wp-content\/uploads\/2019\/03\/20190201_0329495733122173969812577-1-1.jpg?resize=1400%2C800&ssl=1 4x"},"classes":[]},{"id":341,"url":"https:\/\/heiko-blum.de\/?p=341","url_meta":{"origin":380,"position":5},"title":"Wetter Westhoven\u00a0","author":"Heiko","date":"12\/04\/2017","format":false,"excerpt":"","rel":"","context":"In &quot;Wetter&quot;","block_context":{"text":"Wetter","link":"https:\/\/heiko-blum.de\/?cat=12"},"img":{"alt_text":"","src":"https:\/\/i0.wp.com\/heiko-blum.de\/wp-content\/uploads\/2017\/04\/mini_weekt-1.gif?resize=350%2C200&ssl=1","width":350,"height":200},"classes":[]}],"jetpack_sharing_enabled":true,"_links":{"self":[{"href":"https:\/\/heiko-blum.de\/index.php?rest_route=\/wp\/v2\/posts\/380","targetHints":{"allow":["GET"]}}],"collection":[{"href":"https:\/\/heiko-blum.de\/index.php?rest_route=\/wp\/v2\/posts"}],"about":[{"href":"https:\/\/heiko-blum.de\/index.php?rest_route=\/wp\/v2\/types\/post"}],"author":[{"embeddable":true,"href":"https:\/\/heiko-blum.de\/index.php?rest_route=\/wp\/v2\/users\/1"}],"replies":[{"embeddable":true,"href":"https:\/\/heiko-blum.de\/index.php?rest_route=%2Fwp%2Fv2%2Fcomments&post=380"}],"version-history":[{"count":0,"href":"https:\/\/heiko-blum.de\/index.php?rest_route=\/wp\/v2\/posts\/380\/revisions"}],"wp:attachment":[{"href":"https:\/\/heiko-blum.de\/index.php?rest_route=%2Fwp%2Fv2%2Fmedia&parent=380"}],"wp:term":[{"taxonomy":"category","embeddable":true,"href":"https:\/\/heiko-blum.de\/index.php?rest_route=%2Fwp%2Fv2%2Fcategories&post=380"},{"taxonomy":"post_tag","embeddable":true,"href":"https:\/\/heiko-blum.de\/index.php?rest_route=%2Fwp%2Fv2%2Ftags&post=380"}],"curies":[{"name":"wp","href":"https:\/\/api.w.org\/{rel}","templated":true}]}}