{"id":525,"date":"2018-04-17T01:58:46","date_gmt":"2018-04-17T01:58:46","guid":{"rendered":"http:\/\/heiko-blum.de\/?p=525"},"modified":"2019-12-25T23:36:19","modified_gmt":"2019-12-25T23:36:19","slug":"sommer-kommt","status":"publish","type":"post","link":"https:\/\/heiko-blum.de\/?p=525","title":{"rendered":"Sommer kommt"},"content":{"rendered":"<p><img loading=\"lazy\" decoding=\"async\" class=\"wp-image-524 alignnone size-full\" src=\"https:\/\/heiko-blum.de\/wp-content\/uploads\/2018\/04\/weektempdew-12369710552851997614.png\" width=\"300\" height=\"180\"><\/p>\n<p>Wird ja langsam was mit dem Wetter\t.<\/p>\n<div style='text-align:center' class='yasr-auto-insert-overall'><!--Yasr Overall Rating Shortcode--><div class='yasr-custom-text-before-overall' id='yasr-custom-text-before-overall'>Our Score<\/div><div class=\"yasr-overall-rating\"><div class=' yasr-rater-stars'\r\n                           id='yasr-overall-rating-rater-41c4ad789b6f4'\r\n                           data-rating='0'\r\n                           data-rater-starsize='32'>\r\n                       <\/div><\/div><!--End Yasr Overall Rating Shortcode--><\/div><div style='text-align:center' class='yasr-auto-insert-visitor'><!--Yasr Visitor Votes Shortcode--><div id='yasr_visitor_votes_6f9b9d444cc18' class='yasr-visitor-votes'><div class=\"yasr-custom-text-vv-before yasr-custom-text-vv-before-525\">Click to rate this post!<\/div><div id='yasr-vv-second-row-container-6f9b9d444cc18'\r\n                                        class='yasr-vv-second-row-container'><div id='yasr-visitor-votes-rater-6f9b9d444cc18'\r\n                                      class='yasr-rater-stars-vv'\r\n                                      data-rater-postid='525'\r\n                                      data-rating='0'\r\n                                      data-rater-starsize='32'\r\n                                      data-rater-readonly='false'\r\n                                      data-rater-nonce='f10280aa9a'\r\n                                      data-issingular='false'\r\n                                    ><\/div><div class=\"yasr-vv-stats-text-container\" id=\"yasr-vv-stats-text-container-6f9b9d444cc18\"><svg xmlns=\"https:\/\/www.w3.org\/2000\/svg\" width=\"20\" height=\"20\"\r\n                                   class=\"yasr-dashicons-visitor-stats\"\r\n                                   data-postid=\"525\"\r\n                                   id=\"yasr-stats-dashicon-6f9b9d444cc18\">\r\n                                   <path d=\"M18 18v-16h-4v16h4zM12 18v-11h-4v11h4zM6 18v-8h-4v8h4z\"><\/path>\r\n                               <\/svg><span id=\"yasr-vv-text-container-6f9b9d444cc18\" class=\"yasr-vv-text-container\">[Total: <span id=\"yasr-vv-votes-number-container-6f9b9d444cc18\">0<\/span>  Average: <span id=\"yasr-vv-average-container-6f9b9d444cc18\">0<\/span>]<\/span><\/div><div id='yasr-vv-loader-6f9b9d444cc18' class='yasr-vv-container-loader'><\/div><\/div><div id='yasr-vv-bottom-container-6f9b9d444cc18' class='yasr-vv-bottom-container'><\/div><\/div><!--End Yasr Visitor Votes Shortcode--><\/div>","protected":false},"excerpt":{"rendered":"<p>Wird ja langsam was mit dem Wetter . Our Score Click to rate this post! [Total: 0 Average: 0]<\/p>\n","protected":false},"author":1,"featured_media":0,"comment_status":"closed","ping_status":"closed","sticky":false,"template":"","format":"standard","meta":{"yasr_overall_rating":0,"yasr_post_is_review":"","yasr_auto_insert_disabled":"","yasr_review_type":"","_glsr_average":0,"_glsr_ranking":0,"_glsr_reviews":0,"_jetpack_memberships_contains_paid_content":false,"footnotes":""},"categories":[6,12],"tags":[83],"class_list":["post-525","post","type-post","status-publish","format-standard","hentry","category-garten-natur","category-wetter","tag-wetter-wetterstation-westhoven"],"yasr_visitor_votes":{"stars_attributes":{"read_only":false,"span_bottom":false},"number_of_votes":0,"sum_votes":0},"jetpack_featured_media_url":"","jetpack-related-posts":[{"id":529,"url":"https:\/\/heiko-blum.de\/?p=529","url_meta":{"origin":525,"position":0},"title":"Wetter Station","author":"Heiko","date":"22\/04\/2018","format":false,"excerpt":"","rel":"","context":"In &quot;Garten \/ Natur&quot;","block_context":{"text":"Garten \/ Natur","link":"https:\/\/heiko-blum.de\/?cat=6"},"img":{"alt_text":"","src":"https:\/\/i0.wp.com\/heiko-blum.de\/wp-content\/uploads\/2018\/04\/20180422_1706253301092183519211305.jpg?resize=350%2C200&ssl=1","width":350,"height":200,"srcset":"https:\/\/i0.wp.com\/heiko-blum.de\/wp-content\/uploads\/2018\/04\/20180422_1706253301092183519211305.jpg?resize=350%2C200&ssl=1 1x, https:\/\/i0.wp.com\/heiko-blum.de\/wp-content\/uploads\/2018\/04\/20180422_1706253301092183519211305.jpg?resize=525%2C300&ssl=1 1.5x, https:\/\/i0.wp.com\/heiko-blum.de\/wp-content\/uploads\/2018\/04\/20180422_1706253301092183519211305.jpg?resize=700%2C400&ssl=1 2x, https:\/\/i0.wp.com\/heiko-blum.de\/wp-content\/uploads\/2018\/04\/20180422_1706253301092183519211305.jpg?resize=1050%2C600&ssl=1 3x, https:\/\/i0.wp.com\/heiko-blum.de\/wp-content\/uploads\/2018\/04\/20180422_1706253301092183519211305.jpg?resize=1400%2C800&ssl=1 4x"},"classes":[]},{"id":522,"url":"https:\/\/heiko-blum.de\/?p=522","url_meta":{"origin":525,"position":1},"title":"Wetter K\u00f6ln Porz Westhoven","author":"Heiko","date":"03\/02\/2018","format":false,"excerpt":"","rel":"","context":"In &quot;Garten \/ Natur&quot;","block_context":{"text":"Garten \/ Natur","link":"https:\/\/heiko-blum.de\/?cat=6"},"img":{"alt_text":"","src":"https:\/\/i0.wp.com\/heiko-blum.de\/wp-content\/uploads\/2018\/02\/mini_currentf.gif?resize=350%2C200&ssl=1","width":350,"height":200},"classes":[]},{"id":766,"url":"https:\/\/heiko-blum.de\/?p=766","url_meta":{"origin":525,"position":2},"title":"Solar Wetterstation","author":"Heiko","date":"21\/04\/2020","format":false,"excerpt":"Neue Batterie, 2ther Tag, bisher l\u00e4uft alles noch. Steht jetzt nicht optimal drau\u00dfen bekommt hoffe ich aber genug Sonnenstrahlen ab. Werde ich In den n\u00e4chsten Tagen sehen ob batterie Kapazit\u00e4t Stand h\u00e4lt also gen\u00fcgend nachgeladen wird. Update nach 8 Tagen und nicht direkt in der Sonne, l\u00e4uft alles noch .\u2026","rel":"","context":"In &quot;Arduino&quot;","block_context":{"text":"Arduino","link":"https:\/\/heiko-blum.de\/?cat=2"},"img":{"alt_text":"","src":"https:\/\/i0.wp.com\/heiko-blum.de\/wp-content\/uploads\/2020\/04\/wp-1587429425752859706239108117497.jpg?resize=350%2C200&ssl=1","width":350,"height":200,"srcset":"https:\/\/i0.wp.com\/heiko-blum.de\/wp-content\/uploads\/2020\/04\/wp-1587429425752859706239108117497.jpg?resize=350%2C200&ssl=1 1x, https:\/\/i0.wp.com\/heiko-blum.de\/wp-content\/uploads\/2020\/04\/wp-1587429425752859706239108117497.jpg?resize=525%2C300&ssl=1 1.5x, https:\/\/i0.wp.com\/heiko-blum.de\/wp-content\/uploads\/2020\/04\/wp-1587429425752859706239108117497.jpg?resize=700%2C400&ssl=1 2x, https:\/\/i0.wp.com\/heiko-blum.de\/wp-content\/uploads\/2020\/04\/wp-1587429425752859706239108117497.jpg?resize=1050%2C600&ssl=1 3x"},"classes":[]},{"id":178,"url":"https:\/\/heiko-blum.de\/?p=178","url_meta":{"origin":525,"position":3},"title":"Wetter k\u00f6ln porz westhoven","author":"Heiko","date":"04\/05\/2016","format":false,"excerpt":"","rel":"","context":"In &quot;Wetter&quot;","block_context":{"text":"Wetter","link":"https:\/\/heiko-blum.de\/?cat=12"},"img":{"alt_text":"","src":"","width":0,"height":0},"classes":[]},{"id":341,"url":"https:\/\/heiko-blum.de\/?p=341","url_meta":{"origin":525,"position":4},"title":"Wetter Westhoven\u00a0","author":"Heiko","date":"12\/04\/2017","format":false,"excerpt":"","rel":"","context":"In &quot;Wetter&quot;","block_context":{"text":"Wetter","link":"https:\/\/heiko-blum.de\/?cat=12"},"img":{"alt_text":"","src":"https:\/\/i0.wp.com\/heiko-blum.de\/wp-content\/uploads\/2017\/04\/mini_weekt-1.gif?resize=350%2C200&ssl=1","width":350,"height":200},"classes":[]},{"id":380,"url":"https:\/\/heiko-blum.de\/?p=380","url_meta":{"origin":525,"position":5},"title":"Wetterstation im Winter","author":"Heiko","date":"17\/12\/2017","format":false,"excerpt":"","rel":"","context":"In &quot;Garten \/ Natur&quot;","block_context":{"text":"Garten \/ Natur","link":"https:\/\/heiko-blum.de\/?cat=6"},"img":{"alt_text":"","src":"https:\/\/i0.wp.com\/heiko-blum.de\/wp-content\/uploads\/2017\/12\/20171210_1503532023520529.jpg?resize=350%2C200&ssl=1","width":350,"height":200,"srcset":"https:\/\/i0.wp.com\/heiko-blum.de\/wp-content\/uploads\/2017\/12\/20171210_1503532023520529.jpg?resize=350%2C200&ssl=1 1x, https:\/\/i0.wp.com\/heiko-blum.de\/wp-content\/uploads\/2017\/12\/20171210_1503532023520529.jpg?resize=525%2C300&ssl=1 1.5x, https:\/\/i0.wp.com\/heiko-blum.de\/wp-content\/uploads\/2017\/12\/20171210_1503532023520529.jpg?resize=700%2C400&ssl=1 2x, https:\/\/i0.wp.com\/heiko-blum.de\/wp-content\/uploads\/2017\/12\/20171210_1503532023520529.jpg?resize=1050%2C600&ssl=1 3x, https:\/\/i0.wp.com\/heiko-blum.de\/wp-content\/uploads\/2017\/12\/20171210_1503532023520529.jpg?resize=1400%2C800&ssl=1 4x"},"classes":[]}],"jetpack_sharing_enabled":true,"_links":{"self":[{"href":"https:\/\/heiko-blum.de\/index.php?rest_route=\/wp\/v2\/posts\/525","targetHints":{"allow":["GET"]}}],"collection":[{"href":"https:\/\/heiko-blum.de\/index.php?rest_route=\/wp\/v2\/posts"}],"about":[{"href":"https:\/\/heiko-blum.de\/index.php?rest_route=\/wp\/v2\/types\/post"}],"author":[{"embeddable":true,"href":"https:\/\/heiko-blum.de\/index.php?rest_route=\/wp\/v2\/users\/1"}],"replies":[{"embeddable":true,"href":"https:\/\/heiko-blum.de\/index.php?rest_route=%2Fwp%2Fv2%2Fcomments&post=525"}],"version-history":[{"count":1,"href":"https:\/\/heiko-blum.de\/index.php?rest_route=\/wp\/v2\/posts\/525\/revisions"}],"predecessor-version":[{"id":683,"href":"https:\/\/heiko-blum.de\/index.php?rest_route=\/wp\/v2\/posts\/525\/revisions\/683"}],"wp:attachment":[{"href":"https:\/\/heiko-blum.de\/index.php?rest_route=%2Fwp%2Fv2%2Fmedia&parent=525"}],"wp:term":[{"taxonomy":"category","embeddable":true,"href":"https:\/\/heiko-blum.de\/index.php?rest_route=%2Fwp%2Fv2%2Fcategories&post=525"},{"taxonomy":"post_tag","embeddable":true,"href":"https:\/\/heiko-blum.de\/index.php?rest_route=%2Fwp%2Fv2%2Ftags&post=525"}],"curies":[{"name":"wp","href":"https:\/\/api.w.org\/{rel}","templated":true}]}}