{"id":759,"date":"2020-04-06T00:24:11","date_gmt":"2020-04-05T22:24:11","guid":{"rendered":"http:\/\/heiko-blum.de\/?p=759"},"modified":"2020-04-26T04:08:10","modified_gmt":"2020-04-26T02:08:10","slug":"solar-wetterstation","status":"publish","type":"post","link":"https:\/\/heiko-blum.de\/?p=759","title":{"rendered":"Solar Wetterstation"},"content":{"rendered":"\n<figure class=\"wp-block-image\"><img loading=\"lazy\" decoding=\"async\" width=\"1920\" height=\"2560\" src=\"https:\/\/heiko-blum.de\/wp-content\/uploads\/2020\/04\/wp-15861250096514981169594954326250-scaled.jpg\" alt=\"\" class=\"wp-image-758\" srcset=\"https:\/\/heiko-blum.de\/wp-content\/uploads\/2020\/04\/wp-15861250096514981169594954326250-scaled.jpg 1920w, https:\/\/heiko-blum.de\/wp-content\/uploads\/2020\/04\/wp-15861250096514981169594954326250-225x300.jpg 225w, https:\/\/heiko-blum.de\/wp-content\/uploads\/2020\/04\/wp-15861250096514981169594954326250-1350x1800.jpg 1350w, https:\/\/heiko-blum.de\/wp-content\/uploads\/2020\/04\/wp-15861250096514981169594954326250-768x1024.jpg 768w, https:\/\/heiko-blum.de\/wp-content\/uploads\/2020\/04\/wp-15861250096514981169594954326250-1152x1536.jpg 1152w, https:\/\/heiko-blum.de\/wp-content\/uploads\/2020\/04\/wp-15861250096514981169594954326250-1536x2048.jpg 1536w\" sizes=\"auto, (max-width: 1920px) 100vw, 1920px\" \/><\/figure>\n\n\n\n<p>Elektronik verl\u00f6tet und eingebaut .<\/p>\n\n\n\n<p>Jetzt l\u00e4uft der test wie lange die Batterie das mitmacht oder ob das solar oben nicht ausreicht. <\/p>\n\n\n\n<p>Bekomme momentan falsche Werte  ???!!#@$<\/p>\n\n\n\n<p>Sollen 24.150 C\u00b0 sein drau\u00dfen,  sind aber gerade mal 16 bis 17 .<\/p>\n\n\n\n<p>Da stimmt noch was nicht ???? <\/p>\n\n\n\n<figure class=\"wp-block-image size-large\"><img loading=\"lazy\" decoding=\"async\" width=\"810\" height=\"1800\" src=\"https:\/\/heiko-blum.de\/wp-content\/uploads\/2020\/04\/screenshot_20200406-002156_blynk3246012211894188001-810x1800.jpg\" alt=\"\" class=\"wp-image-757\" srcset=\"https:\/\/heiko-blum.de\/wp-content\/uploads\/2020\/04\/screenshot_20200406-002156_blynk3246012211894188001-810x1800.jpg 810w, https:\/\/heiko-blum.de\/wp-content\/uploads\/2020\/04\/screenshot_20200406-002156_blynk3246012211894188001-135x300.jpg 135w, https:\/\/heiko-blum.de\/wp-content\/uploads\/2020\/04\/screenshot_20200406-002156_blynk3246012211894188001-768x1707.jpg 768w, https:\/\/heiko-blum.de\/wp-content\/uploads\/2020\/04\/screenshot_20200406-002156_blynk3246012211894188001-691x1536.jpg 691w, https:\/\/heiko-blum.de\/wp-content\/uploads\/2020\/04\/screenshot_20200406-002156_blynk3246012211894188001-922x2048.jpg 922w, https:\/\/heiko-blum.de\/wp-content\/uploads\/2020\/04\/screenshot_20200406-002156_blynk3246012211894188001.jpg 1080w\" sizes=\"auto, (max-width: 810px) 100vw, 810px\" \/><\/figure>\n\n\n\n<p>Werde Morgen am Tag mal schauen .Ob da die Temperaturen auch h\u00f6her sind <\/p>\n\n\n\n<p><strong>UPDATE<\/strong>. Fehler gefunden ,hatte li-socl2 Batterie genommen ( nicht aufgepasst ) nicht das die nur 3,6 V hat anstatt 3,7 . Viel schlimmer die ist nicht wiederladbar.!<\/p>\n\n\n\n<p>Neue , die Richtige 3,7V Li-ion Batterie aufladbar nat\u00fcrlich Modell 14500 Gr\u00f6\u00dfe AA bestellt und dann d\u00fcrfte es klappen. Test folgt wenn Batterie da ist.<\/p>\n\n\n\n<p>Werde den Zyklus von alle 3 min Datenmengen aber auf alle 20 min \u00e4ndern ,schont die Batterie und reicht meines Erachtens vollkommen aus .<\/p>\n<div style='text-align:center' class='yasr-auto-insert-overall'><!--Yasr Overall Rating Shortcode--><div class='yasr-custom-text-before-overall' id='yasr-custom-text-before-overall'>Our Score<\/div><div class=\"yasr-overall-rating\"><div class=' yasr-rater-stars'\r\n                           id='yasr-overall-rating-rater-964ce8f8a97b3'\r\n                           data-rating='0'\r\n                           data-rater-starsize='32'>\r\n                       <\/div><\/div><!--End Yasr Overall Rating Shortcode--><\/div><div style='text-align:center' class='yasr-auto-insert-visitor'><!--Yasr Visitor Votes Shortcode--><div id='yasr_visitor_votes_f9b788c46bee5' class='yasr-visitor-votes'><div class=\"yasr-custom-text-vv-before yasr-custom-text-vv-before-759\">Click to rate this post!<\/div><div id='yasr-vv-second-row-container-f9b788c46bee5'\r\n                                        class='yasr-vv-second-row-container'><div id='yasr-visitor-votes-rater-f9b788c46bee5'\r\n                                      class='yasr-rater-stars-vv'\r\n                                      data-rater-postid='759'\r\n                                      data-rating='3.3'\r\n                                      data-rater-starsize='32'\r\n                                      data-rater-readonly='false'\r\n                                      data-rater-nonce='c17dc0f340'\r\n                                      data-issingular='false'\r\n                                    ><\/div><div class=\"yasr-vv-stats-text-container\" id=\"yasr-vv-stats-text-container-f9b788c46bee5\"><svg xmlns=\"https:\/\/www.w3.org\/2000\/svg\" width=\"20\" height=\"20\"\r\n                                   class=\"yasr-dashicons-visitor-stats\"\r\n                                   data-postid=\"759\"\r\n                                   id=\"yasr-stats-dashicon-f9b788c46bee5\">\r\n                                   <path d=\"M18 18v-16h-4v16h4zM12 18v-11h-4v11h4zM6 18v-8h-4v8h4z\"><\/path>\r\n                               <\/svg><span id=\"yasr-vv-text-container-f9b788c46bee5\" class=\"yasr-vv-text-container\">[Total: <span id=\"yasr-vv-votes-number-container-f9b788c46bee5\">3<\/span>  Average: <span id=\"yasr-vv-average-container-f9b788c46bee5\">3.3<\/span>]<\/span><\/div><div id='yasr-vv-loader-f9b788c46bee5' class='yasr-vv-container-loader'><\/div><\/div><div id='yasr-vv-bottom-container-f9b788c46bee5' class='yasr-vv-bottom-container'><\/div><\/div><!--End Yasr Visitor Votes Shortcode--><\/div>","protected":false},"excerpt":{"rendered":"<p>Elektronik verl\u00f6tet und eingebaut . Jetzt l\u00e4uft der test wie lange die Batterie das mitmacht oder ob das solar oben nicht ausreicht. Bekomme momentan falsche Werte ???!!#@$ Sollen 24.150 C\u00b0 sein drau\u00dfen, sind aber gerade mal 16 bis 17 . Da stimmt noch was nicht ???? Werde Morgen am Tag mal schauen .Ob da die [&hellip;]<\/p>\n","protected":false},"author":1,"featured_media":0,"comment_status":"closed","ping_status":"closed","sticky":false,"template":"","format":"standard","meta":{"yasr_overall_rating":0,"yasr_post_is_review":"","yasr_auto_insert_disabled":"","yasr_review_type":"","_glsr_average":0,"_glsr_ranking":0,"_glsr_reviews":0,"_jetpack_memberships_contains_paid_content":false,"footnotes":""},"categories":[2,4,10,12],"tags":[109,105,81,84],"class_list":["post-759","post","type-post","status-publish","format-standard","hentry","category-arduino","category-computer","category-raspberry","category-wetter","tag-arduino","tag-solar","tag-wetter","tag-wetterstation"],"yasr_visitor_votes":{"stars_attributes":{"read_only":false,"span_bottom":false},"number_of_votes":3,"sum_votes":10},"jetpack_featured_media_url":"","jetpack-related-posts":[{"id":766,"url":"https:\/\/heiko-blum.de\/?p=766","url_meta":{"origin":759,"position":0},"title":"Solar Wetterstation","author":"Heiko","date":"21\/04\/2020","format":false,"excerpt":"Neue Batterie, 2ther Tag, bisher l\u00e4uft alles noch. Steht jetzt nicht optimal drau\u00dfen bekommt hoffe ich aber genug Sonnenstrahlen ab. Werde ich In den n\u00e4chsten Tagen sehen ob batterie Kapazit\u00e4t Stand h\u00e4lt also gen\u00fcgend nachgeladen wird. Update nach 8 Tagen und nicht direkt in der Sonne, l\u00e4uft alles noch .\u2026","rel":"","context":"In &quot;Arduino&quot;","block_context":{"text":"Arduino","link":"https:\/\/heiko-blum.de\/?cat=2"},"img":{"alt_text":"","src":"https:\/\/i0.wp.com\/heiko-blum.de\/wp-content\/uploads\/2020\/04\/wp-1587429425752859706239108117497.jpg?resize=350%2C200&ssl=1","width":350,"height":200,"srcset":"https:\/\/i0.wp.com\/heiko-blum.de\/wp-content\/uploads\/2020\/04\/wp-1587429425752859706239108117497.jpg?resize=350%2C200&ssl=1 1x, https:\/\/i0.wp.com\/heiko-blum.de\/wp-content\/uploads\/2020\/04\/wp-1587429425752859706239108117497.jpg?resize=525%2C300&ssl=1 1.5x, https:\/\/i0.wp.com\/heiko-blum.de\/wp-content\/uploads\/2020\/04\/wp-1587429425752859706239108117497.jpg?resize=700%2C400&ssl=1 2x, https:\/\/i0.wp.com\/heiko-blum.de\/wp-content\/uploads\/2020\/04\/wp-1587429425752859706239108117497.jpg?resize=1050%2C600&ssl=1 3x"},"classes":[]},{"id":751,"url":"https:\/\/heiko-blum.de\/?p=751","url_meta":{"origin":759,"position":1},"title":"Platinen Aufbau Wettersensor","author":"Heiko","date":"01\/03\/2020","format":false,"excerpt":"Funktioniert schonmal . Der Test verlief schon mal gut . Alles Richtig verl\u00f6tet.","rel":"","context":"In \"arduino\"","block_context":{"text":"arduino","link":"https:\/\/heiko-blum.de\/?tag=arduino"},"img":{"alt_text":"","src":"https:\/\/i0.wp.com\/heiko-blum.de\/wp-content\/uploads\/2020\/03\/20200301_024644-12742550650343330302-scaled.jpg?resize=350%2C200&ssl=1","width":350,"height":200,"srcset":"https:\/\/i0.wp.com\/heiko-blum.de\/wp-content\/uploads\/2020\/03\/20200301_024644-12742550650343330302-scaled.jpg?resize=350%2C200&ssl=1 1x, https:\/\/i0.wp.com\/heiko-blum.de\/wp-content\/uploads\/2020\/03\/20200301_024644-12742550650343330302-scaled.jpg?resize=525%2C300&ssl=1 1.5x, https:\/\/i0.wp.com\/heiko-blum.de\/wp-content\/uploads\/2020\/03\/20200301_024644-12742550650343330302-scaled.jpg?resize=700%2C400&ssl=1 2x, https:\/\/i0.wp.com\/heiko-blum.de\/wp-content\/uploads\/2020\/03\/20200301_024644-12742550650343330302-scaled.jpg?resize=1050%2C600&ssl=1 3x, https:\/\/i0.wp.com\/heiko-blum.de\/wp-content\/uploads\/2020\/03\/20200301_024644-12742550650343330302-scaled.jpg?resize=1400%2C800&ssl=1 4x"},"classes":[]},{"id":529,"url":"https:\/\/heiko-blum.de\/?p=529","url_meta":{"origin":759,"position":2},"title":"Wetter Station","author":"Heiko","date":"22\/04\/2018","format":false,"excerpt":"","rel":"","context":"In &quot;Garten \/ Natur&quot;","block_context":{"text":"Garten \/ Natur","link":"https:\/\/heiko-blum.de\/?cat=6"},"img":{"alt_text":"","src":"https:\/\/i0.wp.com\/heiko-blum.de\/wp-content\/uploads\/2018\/04\/20180422_1706253301092183519211305.jpg?resize=350%2C200&ssl=1","width":350,"height":200,"srcset":"https:\/\/i0.wp.com\/heiko-blum.de\/wp-content\/uploads\/2018\/04\/20180422_1706253301092183519211305.jpg?resize=350%2C200&ssl=1 1x, https:\/\/i0.wp.com\/heiko-blum.de\/wp-content\/uploads\/2018\/04\/20180422_1706253301092183519211305.jpg?resize=525%2C300&ssl=1 1.5x, https:\/\/i0.wp.com\/heiko-blum.de\/wp-content\/uploads\/2018\/04\/20180422_1706253301092183519211305.jpg?resize=700%2C400&ssl=1 2x, https:\/\/i0.wp.com\/heiko-blum.de\/wp-content\/uploads\/2018\/04\/20180422_1706253301092183519211305.jpg?resize=1050%2C600&ssl=1 3x, https:\/\/i0.wp.com\/heiko-blum.de\/wp-content\/uploads\/2018\/04\/20180422_1706253301092183519211305.jpg?resize=1400%2C800&ssl=1 4x"},"classes":[]},{"id":380,"url":"https:\/\/heiko-blum.de\/?p=380","url_meta":{"origin":759,"position":3},"title":"Wetterstation im Winter","author":"Heiko","date":"17\/12\/2017","format":false,"excerpt":"","rel":"","context":"In &quot;Garten \/ Natur&quot;","block_context":{"text":"Garten \/ Natur","link":"https:\/\/heiko-blum.de\/?cat=6"},"img":{"alt_text":"","src":"https:\/\/i0.wp.com\/heiko-blum.de\/wp-content\/uploads\/2017\/12\/20171210_1503532023520529.jpg?resize=350%2C200&ssl=1","width":350,"height":200,"srcset":"https:\/\/i0.wp.com\/heiko-blum.de\/wp-content\/uploads\/2017\/12\/20171210_1503532023520529.jpg?resize=350%2C200&ssl=1 1x, https:\/\/i0.wp.com\/heiko-blum.de\/wp-content\/uploads\/2017\/12\/20171210_1503532023520529.jpg?resize=525%2C300&ssl=1 1.5x, https:\/\/i0.wp.com\/heiko-blum.de\/wp-content\/uploads\/2017\/12\/20171210_1503532023520529.jpg?resize=700%2C400&ssl=1 2x, https:\/\/i0.wp.com\/heiko-blum.de\/wp-content\/uploads\/2017\/12\/20171210_1503532023520529.jpg?resize=1050%2C600&ssl=1 3x, https:\/\/i0.wp.com\/heiko-blum.de\/wp-content\/uploads\/2017\/12\/20171210_1503532023520529.jpg?resize=1400%2C800&ssl=1 4x"},"classes":[]},{"id":341,"url":"https:\/\/heiko-blum.de\/?p=341","url_meta":{"origin":759,"position":4},"title":"Wetter Westhoven\u00a0","author":"Heiko","date":"12\/04\/2017","format":false,"excerpt":"","rel":"","context":"In &quot;Wetter&quot;","block_context":{"text":"Wetter","link":"https:\/\/heiko-blum.de\/?cat=12"},"img":{"alt_text":"","src":"https:\/\/i0.wp.com\/heiko-blum.de\/wp-content\/uploads\/2017\/04\/mini_weekt-1.gif?resize=350%2C200&ssl=1","width":350,"height":200},"classes":[]},{"id":525,"url":"https:\/\/heiko-blum.de\/?p=525","url_meta":{"origin":759,"position":5},"title":"Sommer kommt","author":"Heiko","date":"17\/04\/2018","format":false,"excerpt":"","rel":"","context":"In &quot;Garten \/ Natur&quot;","block_context":{"text":"Garten \/ Natur","link":"https:\/\/heiko-blum.de\/?cat=6"},"img":{"alt_text":"","src":"https:\/\/i0.wp.com\/heiko-blum.de\/wp-content\/uploads\/2018\/04\/weektempdew-12369710552851997614.png?resize=350%2C200&ssl=1","width":350,"height":200},"classes":[]}],"jetpack_sharing_enabled":true,"_links":{"self":[{"href":"https:\/\/heiko-blum.de\/index.php?rest_route=\/wp\/v2\/posts\/759","targetHints":{"allow":["GET"]}}],"collection":[{"href":"https:\/\/heiko-blum.de\/index.php?rest_route=\/wp\/v2\/posts"}],"about":[{"href":"https:\/\/heiko-blum.de\/index.php?rest_route=\/wp\/v2\/types\/post"}],"author":[{"embeddable":true,"href":"https:\/\/heiko-blum.de\/index.php?rest_route=\/wp\/v2\/users\/1"}],"replies":[{"embeddable":true,"href":"https:\/\/heiko-blum.de\/index.php?rest_route=%2Fwp%2Fv2%2Fcomments&post=759"}],"version-history":[{"count":2,"href":"https:\/\/heiko-blum.de\/index.php?rest_route=\/wp\/v2\/posts\/759\/revisions"}],"predecessor-version":[{"id":764,"href":"https:\/\/heiko-blum.de\/index.php?rest_route=\/wp\/v2\/posts\/759\/revisions\/764"}],"wp:attachment":[{"href":"https:\/\/heiko-blum.de\/index.php?rest_route=%2Fwp%2Fv2%2Fmedia&parent=759"}],"wp:term":[{"taxonomy":"category","embeddable":true,"href":"https:\/\/heiko-blum.de\/index.php?rest_route=%2Fwp%2Fv2%2Fcategories&post=759"},{"taxonomy":"post_tag","embeddable":true,"href":"https:\/\/heiko-blum.de\/index.php?rest_route=%2Fwp%2Fv2%2Ftags&post=759"}],"curies":[{"name":"wp","href":"https:\/\/api.w.org\/{rel}","templated":true}]}}