{"id":775,"date":"2020-04-26T04:02:20","date_gmt":"2020-04-26T02:02:20","guid":{"rendered":"http:\/\/heiko-blum.de\/?p=775"},"modified":"2020-04-26T04:13:52","modified_gmt":"2020-04-26T02:13:52","slug":"projekt-uv-desinfektion","status":"publish","type":"post","link":"https:\/\/heiko-blum.de\/?p=775","title":{"rendered":"Projekt UV Desinfektion"},"content":{"rendered":"\n<figure class=\"wp-block-image\"><img loading=\"lazy\" decoding=\"async\" width=\"1920\" height=\"2560\" src=\"https:\/\/heiko-blum.de\/wp-content\/uploads\/2020\/04\/wp-15878654901243758527837778501874-scaled.jpg\" alt=\"\" class=\"wp-image-771\" srcset=\"https:\/\/heiko-blum.de\/wp-content\/uploads\/2020\/04\/wp-15878654901243758527837778501874-scaled.jpg 1920w, https:\/\/heiko-blum.de\/wp-content\/uploads\/2020\/04\/wp-15878654901243758527837778501874-225x300.jpg 225w, https:\/\/heiko-blum.de\/wp-content\/uploads\/2020\/04\/wp-15878654901243758527837778501874-1350x1800.jpg 1350w, https:\/\/heiko-blum.de\/wp-content\/uploads\/2020\/04\/wp-15878654901243758527837778501874-768x1024.jpg 768w, https:\/\/heiko-blum.de\/wp-content\/uploads\/2020\/04\/wp-15878654901243758527837778501874-1152x1536.jpg 1152w, https:\/\/heiko-blum.de\/wp-content\/uploads\/2020\/04\/wp-15878654901243758527837778501874-1536x2048.jpg 1536w\" sizes=\"auto, (max-width: 1920px) 100vw, 1920px\" \/><\/figure>\n\n\n\n<p>Da UV ( UV-C) Desinfektiv auf Bakterien wirkt   und Ich noch meine Alte UV R\u00f6hre &#8222;die ich zum L\u00f6schen meiner Epromm&#8217;s brauchte&#8220; habe dachte ich mir , baue ich mir selber so eine UV Desinfektion Box wie im Internet zu kaufen sind und auch im Krankenh\u00e4user verwendet werden.<\/p>\n\n\n\n<p>Nehme erst mal ein alten Schuh Karton.  Auf dem Bild oben ist das der Deckel .Mal sehen ob das so h\u00e4lt ( ist ja Pappe ) und mal sehen was die Temperatur sagt.  Nicht das mir der Karton abbrennt &#x1f60e;<\/p>\n\n\n\n<figure class=\"wp-block-image size-large\"><img loading=\"lazy\" decoding=\"async\" width=\"2560\" height=\"1920\" src=\"https:\/\/heiko-blum.de\/wp-content\/uploads\/2020\/04\/20200426_0322223603812375328209069-scaled.jpg\" alt=\"\" class=\"wp-image-772\" srcset=\"https:\/\/heiko-blum.de\/wp-content\/uploads\/2020\/04\/20200426_0322223603812375328209069-scaled.jpg 2560w, https:\/\/heiko-blum.de\/wp-content\/uploads\/2020\/04\/20200426_0322223603812375328209069-300x225.jpg 300w, https:\/\/heiko-blum.de\/wp-content\/uploads\/2020\/04\/20200426_0322223603812375328209069-1800x1350.jpg 1800w, https:\/\/heiko-blum.de\/wp-content\/uploads\/2020\/04\/20200426_0322223603812375328209069-768x576.jpg 768w, https:\/\/heiko-blum.de\/wp-content\/uploads\/2020\/04\/20200426_0322223603812375328209069-1536x1152.jpg 1536w, https:\/\/heiko-blum.de\/wp-content\/uploads\/2020\/04\/20200426_0322223603812375328209069-2048x1536.jpg 2048w\" sizes=\"auto, (max-width: 2560px) 100vw, 2560px\" \/><\/figure>\n\n\n\n<p>So kann man sich jetzt das schon vorstellen .Wie es aussieht.  Strom Kabel soweit alles verklemmt. <\/p>\n\n\n\n<figure class=\"wp-block-image size-large\"><img loading=\"lazy\" decoding=\"async\" width=\"1920\" height=\"2560\" src=\"https:\/\/heiko-blum.de\/wp-content\/uploads\/2020\/04\/20200426_0325139045897943316927819-scaled.jpg\" alt=\"\" class=\"wp-image-773\" srcset=\"https:\/\/heiko-blum.de\/wp-content\/uploads\/2020\/04\/20200426_0325139045897943316927819-scaled.jpg 1920w, https:\/\/heiko-blum.de\/wp-content\/uploads\/2020\/04\/20200426_0325139045897943316927819-225x300.jpg 225w, https:\/\/heiko-blum.de\/wp-content\/uploads\/2020\/04\/20200426_0325139045897943316927819-1350x1800.jpg 1350w, https:\/\/heiko-blum.de\/wp-content\/uploads\/2020\/04\/20200426_0325139045897943316927819-768x1024.jpg 768w, https:\/\/heiko-blum.de\/wp-content\/uploads\/2020\/04\/20200426_0325139045897943316927819-1152x1536.jpg 1152w, https:\/\/heiko-blum.de\/wp-content\/uploads\/2020\/04\/20200426_0325139045897943316927819-1536x2048.jpg 1536w\" sizes=\"auto, (max-width: 1920px) 100vw, 1920px\" \/><\/figure>\n\n\n\n<figure class=\"wp-block-image size-large\"><img loading=\"lazy\" decoding=\"async\" width=\"1920\" height=\"2560\" src=\"https:\/\/heiko-blum.de\/wp-content\/uploads\/2020\/04\/20200426_0325183400472276302827622-scaled.jpg\" alt=\"\" class=\"wp-image-774\" srcset=\"https:\/\/heiko-blum.de\/wp-content\/uploads\/2020\/04\/20200426_0325183400472276302827622-scaled.jpg 1920w, https:\/\/heiko-blum.de\/wp-content\/uploads\/2020\/04\/20200426_0325183400472276302827622-225x300.jpg 225w, https:\/\/heiko-blum.de\/wp-content\/uploads\/2020\/04\/20200426_0325183400472276302827622-1350x1800.jpg 1350w, https:\/\/heiko-blum.de\/wp-content\/uploads\/2020\/04\/20200426_0325183400472276302827622-768x1024.jpg 768w, https:\/\/heiko-blum.de\/wp-content\/uploads\/2020\/04\/20200426_0325183400472276302827622-1152x1536.jpg 1152w, https:\/\/heiko-blum.de\/wp-content\/uploads\/2020\/04\/20200426_0325183400472276302827622-1536x2048.jpg 1536w\" sizes=\"auto, (max-width: 1920px) 100vw, 1920px\" \/><\/figure>\n\n\n\n<p>Auf den Bildern zu sehen es funktioniert, habe mal den Deckel schr\u00e4g drauf damit man was sieht und das Foto von der Seite zeigt ein Loch wo auch zu erkennen ist das es an ist . NIE DIREKT IN DAS LICHT SEHEN DAS SIND STARKE UV STRAHLEN!!!   Im normal Betrieb bleibt der Karton geschlossen und sollte dann auch nur ca 8 min in Betrieb sein das reicht um zu desinfizieren. <\/p>\n\n\n\n<p>Karton wird schon sehr warm, mal sehen werde wohl alles umr\u00fcsten in was stabilere Box.  Aber von Grunde her Funktioniert es.<\/p>\n\n\n\n<p><\/p>\n<div style='text-align:center' class='yasr-auto-insert-overall'><!--Yasr Overall Rating Shortcode--><div class='yasr-custom-text-before-overall' id='yasr-custom-text-before-overall'>Our Score<\/div><div class=\"yasr-overall-rating\"><div class=' yasr-rater-stars'\r\n                           id='yasr-overall-rating-rater-f96394ef00196'\r\n                           data-rating='0'\r\n                           data-rater-starsize='32'>\r\n                       <\/div><\/div><!--End Yasr Overall Rating Shortcode--><\/div><div style='text-align:center' class='yasr-auto-insert-visitor'><!--Yasr Visitor Votes Shortcode--><div id='yasr_visitor_votes_5016f0954f6e9' class='yasr-visitor-votes'><div class=\"yasr-custom-text-vv-before yasr-custom-text-vv-before-775\">Click to rate this post!<\/div><div id='yasr-vv-second-row-container-5016f0954f6e9'\r\n                                        class='yasr-vv-second-row-container'><div id='yasr-visitor-votes-rater-5016f0954f6e9'\r\n                                      class='yasr-rater-stars-vv'\r\n                                      data-rater-postid='775'\r\n                                      data-rating='0'\r\n                                      data-rater-starsize='32'\r\n                                      data-rater-readonly='false'\r\n                                      data-rater-nonce='c17dc0f340'\r\n                                      data-issingular='false'\r\n                                    ><\/div><div class=\"yasr-vv-stats-text-container\" id=\"yasr-vv-stats-text-container-5016f0954f6e9\"><svg xmlns=\"https:\/\/www.w3.org\/2000\/svg\" width=\"20\" height=\"20\"\r\n                                   class=\"yasr-dashicons-visitor-stats\"\r\n                                   data-postid=\"775\"\r\n                                   id=\"yasr-stats-dashicon-5016f0954f6e9\">\r\n                                   <path d=\"M18 18v-16h-4v16h4zM12 18v-11h-4v11h4zM6 18v-8h-4v8h4z\"><\/path>\r\n                               <\/svg><span id=\"yasr-vv-text-container-5016f0954f6e9\" class=\"yasr-vv-text-container\">[Total: <span id=\"yasr-vv-votes-number-container-5016f0954f6e9\">0<\/span>  Average: <span id=\"yasr-vv-average-container-5016f0954f6e9\">0<\/span>]<\/span><\/div><div id='yasr-vv-loader-5016f0954f6e9' class='yasr-vv-container-loader'><\/div><\/div><div id='yasr-vv-bottom-container-5016f0954f6e9' class='yasr-vv-bottom-container'><\/div><\/div><!--End Yasr Visitor Votes Shortcode--><\/div>","protected":false},"excerpt":{"rendered":"<p>Da UV ( UV-C) Desinfektiv auf Bakterien wirkt und Ich noch meine Alte UV R\u00f6hre &#8222;die ich zum L\u00f6schen meiner Epromm&#8217;s brauchte&#8220; habe dachte ich mir , baue ich mir selber so eine UV Desinfektion Box wie im Internet zu kaufen sind und auch im Krankenh\u00e4user verwendet werden. Nehme erst mal ein alten Schuh Karton. [&hellip;]<\/p>\n","protected":false},"author":1,"featured_media":0,"comment_status":"closed","ping_status":"closed","sticky":false,"template":"","format":"standard","meta":{"yasr_overall_rating":0,"yasr_post_is_review":"","yasr_auto_insert_disabled":"","yasr_review_type":"","_glsr_average":0,"_glsr_ranking":0,"_glsr_reviews":0,"_jetpack_memberships_contains_paid_content":false,"footnotes":""},"categories":[2,4,5,8,10],"tags":[110,122,123,124,120,121],"class_list":["post-775","post","type-post","status-publish","format-standard","hentry","category-arduino","category-computer","category-elektronik","category-meine-person-privat","category-raspberry","tag-corona","tag-desinfektion","tag-epromm","tag-projekte","tag-uv","tag-uvc"],"yasr_visitor_votes":{"stars_attributes":{"read_only":false,"span_bottom":false},"number_of_votes":0,"sum_votes":0},"jetpack_featured_media_url":"","jetpack-related-posts":[{"id":837,"url":"https:\/\/heiko-blum.de\/?p=837","url_meta":{"origin":775,"position":0},"title":"ESP32 Cam","author":"Heiko","date":"20\/10\/2020","format":false,"excerpt":"Habe mir mal den ESP32 cam zugelegt . Und getestet . Beschreibung keine dabei daf\u00fcr eine WLAN Antenne und das passende Kabel, warum auch immer dabei ? Die eingebaut Antenne reicht vollkommen aus, aber ok wenn schon dabei einfach aufstecken das Kabel und gut ist,,,, von wegen ,wie auf den\u2026","rel":"","context":"In &quot;Arduino&quot;","block_context":{"text":"Arduino","link":"https:\/\/heiko-blum.de\/?cat=2"},"img":{"alt_text":"","src":"https:\/\/i0.wp.com\/heiko-blum.de\/wp-content\/uploads\/2020\/10\/wp-16031492679802554178961159115074-scaled.jpg?resize=350%2C200&ssl=1","width":350,"height":200,"srcset":"https:\/\/i0.wp.com\/heiko-blum.de\/wp-content\/uploads\/2020\/10\/wp-16031492679802554178961159115074-scaled.jpg?resize=350%2C200&ssl=1 1x, https:\/\/i0.wp.com\/heiko-blum.de\/wp-content\/uploads\/2020\/10\/wp-16031492679802554178961159115074-scaled.jpg?resize=525%2C300&ssl=1 1.5x, https:\/\/i0.wp.com\/heiko-blum.de\/wp-content\/uploads\/2020\/10\/wp-16031492679802554178961159115074-scaled.jpg?resize=700%2C400&ssl=1 2x, https:\/\/i0.wp.com\/heiko-blum.de\/wp-content\/uploads\/2020\/10\/wp-16031492679802554178961159115074-scaled.jpg?resize=1050%2C600&ssl=1 3x, https:\/\/i0.wp.com\/heiko-blum.de\/wp-content\/uploads\/2020\/10\/wp-16031492679802554178961159115074-scaled.jpg?resize=1400%2C800&ssl=1 4x"},"classes":[]},{"id":824,"url":"https:\/\/heiko-blum.de\/?p=824","url_meta":{"origin":775,"position":1},"title":"Homematic lightify Hue","author":"Heiko","date":"21\/07\/2020","format":false,"excerpt":"Homematic lightify Hue Da lightify im Augudt 2021 abgeschaltet wird habe ich die K\u00fchlung von Lightify in der Homematic gel\u00f6scht und alle Birnen von lightify sowie Steckdosen auf Hue angelernt , Hue unterst\u00fctzt mittlerweile die Lightify Ger\u00e4te. Da Ich Hue auch schon lange per Kopplung nutze gelingt das finden der\u2026","rel":"","context":"In &quot;Arduino&quot;","block_context":{"text":"Arduino","link":"https:\/\/heiko-blum.de\/?cat=2"},"img":{"alt_text":"","src":"","width":0,"height":0},"classes":[]},{"id":846,"url":"https:\/\/heiko-blum.de\/?p=846","url_meta":{"origin":775,"position":2},"title":"Solarpanel hinterm Fenster","author":"Heiko","date":"02\/03\/2024","format":false,"excerpt":"Mein Bersuch auf einer nicht geraden Sonnen Seite , ein 100W Solarpanel zu betreiben. Momentaner stand bis zu 2 W schaft das Panel . Eine 12V 7.5 ah Batterie dient als Ladungseinheit und ein Solar Regler Von vitcron 16A mit Bluetooth. Die Batterie wird somit gerade mal\u00a0 am Leben gehalten\u2026","rel":"","context":"In &quot;Arduino&quot;","block_context":{"text":"Arduino","link":"https:\/\/heiko-blum.de\/?cat=2"},"img":{"alt_text":"","src":"","width":0,"height":0},"classes":[]},{"id":766,"url":"https:\/\/heiko-blum.de\/?p=766","url_meta":{"origin":775,"position":3},"title":"Solar Wetterstation","author":"Heiko","date":"21\/04\/2020","format":false,"excerpt":"Neue Batterie, 2ther Tag, bisher l\u00e4uft alles noch. Steht jetzt nicht optimal drau\u00dfen bekommt hoffe ich aber genug Sonnenstrahlen ab. Werde ich In den n\u00e4chsten Tagen sehen ob batterie Kapazit\u00e4t Stand h\u00e4lt also gen\u00fcgend nachgeladen wird. Update nach 8 Tagen und nicht direkt in der Sonne, l\u00e4uft alles noch .\u2026","rel":"","context":"In &quot;Arduino&quot;","block_context":{"text":"Arduino","link":"https:\/\/heiko-blum.de\/?cat=2"},"img":{"alt_text":"","src":"https:\/\/i0.wp.com\/heiko-blum.de\/wp-content\/uploads\/2020\/04\/wp-1587429425752859706239108117497.jpg?resize=350%2C200&ssl=1","width":350,"height":200,"srcset":"https:\/\/i0.wp.com\/heiko-blum.de\/wp-content\/uploads\/2020\/04\/wp-1587429425752859706239108117497.jpg?resize=350%2C200&ssl=1 1x, https:\/\/i0.wp.com\/heiko-blum.de\/wp-content\/uploads\/2020\/04\/wp-1587429425752859706239108117497.jpg?resize=525%2C300&ssl=1 1.5x, https:\/\/i0.wp.com\/heiko-blum.de\/wp-content\/uploads\/2020\/04\/wp-1587429425752859706239108117497.jpg?resize=700%2C400&ssl=1 2x, https:\/\/i0.wp.com\/heiko-blum.de\/wp-content\/uploads\/2020\/04\/wp-1587429425752859706239108117497.jpg?resize=1050%2C600&ssl=1 3x"},"classes":[]},{"id":350,"url":"https:\/\/heiko-blum.de\/?p=350","url_meta":{"origin":775,"position":4},"title":"ESP8266 USB zu Serial\u00a0","author":"Heiko","date":"15\/04\/2017","format":false,"excerpt":"","rel":"","context":"In &quot;Arduino&quot;","block_context":{"text":"Arduino","link":"https:\/\/heiko-blum.de\/?cat=2"},"img":{"alt_text":"","src":"https:\/\/i0.wp.com\/heiko-blum.de\/wp-content\/uploads\/2017\/04\/20170415_015337.jpg?resize=350%2C200&ssl=1","width":350,"height":200,"srcset":"https:\/\/i0.wp.com\/heiko-blum.de\/wp-content\/uploads\/2017\/04\/20170415_015337.jpg?resize=350%2C200&ssl=1 1x, https:\/\/i0.wp.com\/heiko-blum.de\/wp-content\/uploads\/2017\/04\/20170415_015337.jpg?resize=525%2C300&ssl=1 1.5x, https:\/\/i0.wp.com\/heiko-blum.de\/wp-content\/uploads\/2017\/04\/20170415_015337.jpg?resize=700%2C400&ssl=1 2x, https:\/\/i0.wp.com\/heiko-blum.de\/wp-content\/uploads\/2017\/04\/20170415_015337.jpg?resize=1050%2C600&ssl=1 3x, https:\/\/i0.wp.com\/heiko-blum.de\/wp-content\/uploads\/2017\/04\/20170415_015337.jpg?resize=1400%2C800&ssl=1 4x"},"classes":[]},{"id":86,"url":"https:\/\/heiko-blum.de\/?p=86","url_meta":{"origin":775,"position":5},"title":"1 Testflug quatrocopter","author":"Heiko","date":"14\/07\/2015","format":false,"excerpt":"","rel":"","context":"In &quot;Modellbau&quot;","block_context":{"text":"Modellbau","link":"https:\/\/heiko-blum.de\/?cat=9"},"img":{"alt_text":"","src":"","width":0,"height":0},"classes":[]}],"jetpack_sharing_enabled":true,"_links":{"self":[{"href":"https:\/\/heiko-blum.de\/index.php?rest_route=\/wp\/v2\/posts\/775","targetHints":{"allow":["GET"]}}],"collection":[{"href":"https:\/\/heiko-blum.de\/index.php?rest_route=\/wp\/v2\/posts"}],"about":[{"href":"https:\/\/heiko-blum.de\/index.php?rest_route=\/wp\/v2\/types\/post"}],"author":[{"embeddable":true,"href":"https:\/\/heiko-blum.de\/index.php?rest_route=\/wp\/v2\/users\/1"}],"replies":[{"embeddable":true,"href":"https:\/\/heiko-blum.de\/index.php?rest_route=%2Fwp%2Fv2%2Fcomments&post=775"}],"version-history":[{"count":1,"href":"https:\/\/heiko-blum.de\/index.php?rest_route=\/wp\/v2\/posts\/775\/revisions"}],"predecessor-version":[{"id":780,"href":"https:\/\/heiko-blum.de\/index.php?rest_route=\/wp\/v2\/posts\/775\/revisions\/780"}],"wp:attachment":[{"href":"https:\/\/heiko-blum.de\/index.php?rest_route=%2Fwp%2Fv2%2Fmedia&parent=775"}],"wp:term":[{"taxonomy":"category","embeddable":true,"href":"https:\/\/heiko-blum.de\/index.php?rest_route=%2Fwp%2Fv2%2Fcategories&post=775"},{"taxonomy":"post_tag","embeddable":true,"href":"https:\/\/heiko-blum.de\/index.php?rest_route=%2Fwp%2Fv2%2Ftags&post=775"}],"curies":[{"name":"wp","href":"https:\/\/api.w.org\/{rel}","templated":true}]}}